{"id":156,"date":"2016-08-13T12:55:07","date_gmt":"2016-08-13T11:55:07","guid":{"rendered":"http:\/\/patch-amitie.malignos.fr\/?p=156"},"modified":"2018-09-16T08:38:03","modified_gmt":"2018-09-16T07:38:03","slug":"patchwork-a-tout-age","status":"publish","type":"post","link":"http:\/\/patch-amitie.malignos.fr\/?p=156","title":{"rendered":"Patchwork \u00e0 tout age."},"content":{"rendered":"<p>Ces quelques images ont \u00e9t\u00e9 captur\u00e9es lors de l&rsquo;exposition 2016 au temple de Monoblet.<\/p>\n\n\t\t<style type=\"text\/css\">\n\t\t\t#gallery-1 {\n\t\t\t\tmargin: auto;\n\t\t\t}\n\t\t\t#gallery-1 .gallery-item {\n\t\t\t\tfloat: left;\n\t\t\t\tmargin-top: 10px;\n\t\t\t\ttext-align: center;\n\t\t\t\twidth: 50%;\n\t\t\t}\n\t\t\t#gallery-1 img {\n\t\t\t\tborder: 2px solid #cfcfcf;\n\t\t\t}\n\t\t\t#gallery-1 .gallery-caption {\n\t\t\t\tmargin-left: 0;\n\t\t\t}\n\t\t\t\/* see gallery_shortcode() in wp-includes\/media.php *\/\n\t\t<\/style>\n\t\t<div id='gallery-1' class='gallery galleryid-156 gallery-columns-2 gallery-size-medium'><dl class='gallery-item'>\n\t\t\t<dt class='gallery-icon landscape'>\n\t\t\t\t<a href='http:\/\/patch-amitie.malignos.fr\/?attachment_id=157'><img loading=\"lazy\" decoding=\"async\" width=\"300\" height=\"225\" src=\"http:\/\/patch-amitie.malignos.fr\/wp-content\/uploads\/2016\/08\/P1000068-300x225.jpg\" class=\"attachment-medium size-medium\" alt=\"\" srcset=\"http:\/\/patch-amitie.malignos.fr\/wp-content\/uploads\/2016\/08\/P1000068-300x225.jpg 300w, http:\/\/patch-amitie.malignos.fr\/wp-content\/uploads\/2016\/08\/P1000068-400x300.jpg 400w, http:\/\/patch-amitie.malignos.fr\/wp-content\/uploads\/2016\/08\/P1000068.jpg 1000w\" sizes=\"auto, (max-width: 300px) 100vw, 300px\" \/><\/a>\n\t\t\t<\/dt><\/dl><dl class='gallery-item'>\n\t\t\t<dt class='gallery-icon landscape'>\n\t\t\t\t<a href='http:\/\/patch-amitie.malignos.fr\/?attachment_id=158'><img loading=\"lazy\" decoding=\"async\" width=\"300\" height=\"225\" src=\"http:\/\/patch-amitie.malignos.fr\/wp-content\/uploads\/2016\/08\/P1000070-300x225.jpg\" class=\"attachment-medium size-medium\" alt=\"\" srcset=\"http:\/\/patch-amitie.malignos.fr\/wp-content\/uploads\/2016\/08\/P1000070-300x225.jpg 300w, http:\/\/patch-amitie.malignos.fr\/wp-content\/uploads\/2016\/08\/P1000070-400x300.jpg 400w, http:\/\/patch-amitie.malignos.fr\/wp-content\/uploads\/2016\/08\/P1000070.jpg 1000w\" sizes=\"auto, (max-width: 300px) 100vw, 300px\" \/><\/a>\n\t\t\t<\/dt><\/dl><br style=\"clear: both\" \/><dl class='gallery-item'>\n\t\t\t<dt class='gallery-icon portrait'>\n\t\t\t\t<a href='http:\/\/patch-amitie.malignos.fr\/?attachment_id=159'><img loading=\"lazy\" decoding=\"async\" width=\"225\" height=\"300\" src=\"http:\/\/patch-amitie.malignos.fr\/wp-content\/uploads\/2016\/08\/P1000071-225x300.jpg\" class=\"attachment-medium size-medium\" alt=\"\" srcset=\"http:\/\/patch-amitie.malignos.fr\/wp-content\/uploads\/2016\/08\/P1000071-225x300.jpg 225w, http:\/\/patch-amitie.malignos.fr\/wp-content\/uploads\/2016\/08\/P1000071-768x1024.jpg 768w, http:\/\/patch-amitie.malignos.fr\/wp-content\/uploads\/2016\/08\/P1000071.jpg 1000w\" sizes=\"auto, (max-width: 225px) 100vw, 225px\" \/><\/a>\n\t\t\t<\/dt><\/dl><dl class='gallery-item'>\n\t\t\t<dt class='gallery-icon landscape'>\n\t\t\t\t<a href='http:\/\/patch-amitie.malignos.fr\/?attachment_id=160'><img loading=\"lazy\" decoding=\"async\" width=\"300\" height=\"225\" src=\"http:\/\/patch-amitie.malignos.fr\/wp-content\/uploads\/2016\/08\/P1000072-300x225.jpg\" class=\"attachment-medium size-medium\" alt=\"\" srcset=\"http:\/\/patch-amitie.malignos.fr\/wp-content\/uploads\/2016\/08\/P1000072-300x225.jpg 300w, http:\/\/patch-amitie.malignos.fr\/wp-content\/uploads\/2016\/08\/P1000072-400x300.jpg 400w, http:\/\/patch-amitie.malignos.fr\/wp-content\/uploads\/2016\/08\/P1000072.jpg 1000w\" sizes=\"auto, (max-width: 300px) 100vw, 300px\" \/><\/a>\n\t\t\t<\/dt><\/dl><br style=\"clear: both\" \/>\n\t\t<\/div>\n\n","protected":false},"excerpt":{"rendered":"<p>Ces quelques images ont \u00e9t\u00e9 captur\u00e9es lors de l&rsquo;exposition 2016 au temple de Monoblet.<\/p>\n","protected":false},"author":1,"featured_media":0,"comment_status":"open","ping_status":"open","sticky":false,"template":"","format":"standard","meta":{"footnotes":""},"categories":[8],"tags":[],"class_list":["post-156","post","type-post","status-publish","format-standard","hentry","category-exposition-2016"],"_links":{"self":[{"href":"http:\/\/patch-amitie.malignos.fr\/index.php?rest_route=\/wp\/v2\/posts\/156","targetHints":{"allow":["GET"]}}],"collection":[{"href":"http:\/\/patch-amitie.malignos.fr\/index.php?rest_route=\/wp\/v2\/posts"}],"about":[{"href":"http:\/\/patch-amitie.malignos.fr\/index.php?rest_route=\/wp\/v2\/types\/post"}],"author":[{"embeddable":true,"href":"http:\/\/patch-amitie.malignos.fr\/index.php?rest_route=\/wp\/v2\/users\/1"}],"replies":[{"embeddable":true,"href":"http:\/\/patch-amitie.malignos.fr\/index.php?rest_route=%2Fwp%2Fv2%2Fcomments&post=156"}],"version-history":[{"count":3,"href":"http:\/\/patch-amitie.malignos.fr\/index.php?rest_route=\/wp\/v2\/posts\/156\/revisions"}],"predecessor-version":[{"id":309,"href":"http:\/\/patch-amitie.malignos.fr\/index.php?rest_route=\/wp\/v2\/posts\/156\/revisions\/309"}],"wp:attachment":[{"href":"http:\/\/patch-amitie.malignos.fr\/index.php?rest_route=%2Fwp%2Fv2%2Fmedia&parent=156"}],"wp:term":[{"taxonomy":"category","embeddable":true,"href":"http:\/\/patch-amitie.malignos.fr\/index.php?rest_route=%2Fwp%2Fv2%2Fcategories&post=156"},{"taxonomy":"post_tag","embeddable":true,"href":"http:\/\/patch-amitie.malignos.fr\/index.php?rest_route=%2Fwp%2Fv2%2Ftags&post=156"}],"curies":[{"name":"wp","href":"https:\/\/api.w.org\/{rel}","templated":true}]}}